{"id":16744,"date":"2017-08-15T13:26:46","date_gmt":"2017-08-15T11:26:46","guid":{"rendered":"https:\/\/astrologicalworldmap.com\/?p=16744"},"modified":"2026-08-04T16:01:42","modified_gmt":"2026-08-04T14:01:42","slug":"die-totale-sonnenfinsternis-vom-maerz-2015","status":"publish","type":"post","link":"https:\/\/astrologicalworldmap.com\/de\/2017\/08\/15\/die-totale-sonnenfinsternis-vom-maerz-2015\/","title":{"rendered":"Die Totale Sonnenfinsternis vom Maerz 2015"},"content":{"rendered":"\n<p class=\"wp-block-paragraph\">Die Totale Sonnenfinsternis vom Maerz 2015 und ihre Auswirkungen f\u00fcr Deutschland und Europa. Politische Astrologie und Astrogeographie.<\/p>\n\n\n\n<p class=\"wp-block-paragraph\"><strong>Verwandte Artikel:<\/strong>  <a rel=\"noreferrer noopener\" aria-label=\"Zwischen den Welten \u2013 die Gro\u00dfe Amerikanische Sonnenfinsternis am 21. August 2017 (opens in a new tab)\" href=\"https:\/\/astrologicalworldmap.com\/de\/2017\/07\/16\/16404\/\" target=\"_blank\">Zwischen den Welten \u2013 die Gro\u00dfe Amerikanische Sonnenfinsternis am 21. August 2017<\/a>,  <a rel=\"noreferrer noopener\" aria-label=\"The \u201cGreat American Solar eclipse\u201d (opens in a new tab)\" href=\"https:\/\/astrologicalworldmap.com\/2016\/11\/15\/the-total-solar-eclipse-on-21-august-2017-on-28-leo-over-washington\/\" target=\"_blank\">The \u201cGreat American Solar eclipse\u201d<\/a>,   <a rel=\"noreferrer noopener\" href=\"https:\/\/astrologicalworldmap.com\/2015\/03\/25\/the-astrogeographical-position-of-berlin-and-future-transits\/\" target=\"_blank\">The Astrogeographical position of Berlin and Future Transits<\/a>,  <a rel=\"noreferrer noopener\" href=\"https:\/\/astrologicalworldmap.com\/?p=13043\" target=\"_blank\">Das Brexit Referendum aus astrologischer und astrogeographischer Sicht<\/a>,&nbsp;&nbsp;<a rel=\"noreferrer noopener\" href=\"https:\/\/astrologicalworldmap.com\/2016\/06\/20\/the-astrogeographic-position-of-london\/\" target=\"_blank\">The astrogeographic position of London<\/a>   <\/p>\n\n\n\n<p class=\"wp-block-paragraph\">Ich schreibe diesen Text kurz vor der <strong>&#8222;Gro\u00dfen Amerikanischen Sonnenfinsternis&#8220;<\/strong> die am 21. August 2017 stattfinden wird. &nbsp;Und zwar zur Rekapitulation der Ereignisse seit der letzten <strong>&#8222;Gro\u00dfen Europ\u00e4ischen Sonnenfinsternis&#8220;<\/strong> und um ein st\u00fcck weit aufzuarbeiten was seither passiert ist. Und um einen besseren Blick darauf zu bekommen mit welchen Themen wir es im Verh\u00e4ltnis Europa-USA und \u00fcberhaupt bei den kommenden Entwicklungen in den USA zu tun haben.<\/p>\n\n\n\n<p class=\"wp-block-paragraph\">So wie bei der Gro\u00dfen Europ\u00e4ischen Sonnenfinsternis von 2015 (29\u00b0Fische in Opposition zu Berlin bei 29\u00b0Jungfrau) findet auch in den USA die Eklipse (29\u00b0L\u00f6we) exakt auf dem astrogeographischen Resonanzgrad der Hauptstadt (27\u00b0L\u00f6we) statt. Grund genug also um die <strong>Dunkelheit \u00fcber Washington<\/strong> mit der <strong>Dunkelheit \u00fcber dem Europa der letzten 2 Jahre<\/strong> zu vergleichen.<\/p>\n\n\n\n<h2 class=\"wp-block-heading\"><strong>Was passiert bei Sonnenfinsternissen ? &#8211; eine astrologische Einordnung<\/strong><\/h2>\n\n\n\n<figure class=\"wp-block-image alignnone\"><a href=\"https:\/\/astrologicalworldmap.com\/wp-content\/uploads\/2017\/08\/Sofi-M\u00e4rz-2015.gif\"><img decoding=\"async\" width=\"250\" height=\"270\" src=\"https:\/\/astrologicalworldmap.com\/wp-content\/uploads\/2017\/08\/Sofi-M\u00e4rz-2015.gif\" alt=\"\" class=\"wp-image-16747\"\/><\/a><figcaption><strong>Animation des Schattenpfads der Sonnenfinsternis am 20. M\u00e4rz 2015<\/strong><\/figcaption><\/figure>\n\n\n\n<p class=\"wp-block-paragraph\">Sonnenfinsternisse sind Ereignisse bei denen die Sonne &#8211; also das Licht vom Mond &nbsp;\u00fcberschattet wird. &nbsp;Der Mond steht dadurch f\u00fcr die Dunkelheit &#8211; das hei\u00dft es werden die Aspekt des Mondes die in der j\u00fcngeren Vergangenheit im Dunklen geblieben waren &#8222;in den Fokus&#8220; gebracht.<\/p>\n\n\n\n<p class=\"wp-block-paragraph\">Bei einer Totalen Sonnenfinsternis werden die Energien der Sonne f\u00fcr einen kurzen Augenblick lang durch die Energien des Mondes gefiltert und \u00fcberlagert. Das Licht bekommt also f\u00fcr diesen Augenblick die Zusatzinformation aller Aspekte des Mondes. &nbsp;Der Mond ist kein eigentlicher Planet der Sonne sondern ein Planet der Erde. Das bedeutet das bei einer Sonnenfinsternis die ungel\u00f6sten Themen der Erdnahen Sph\u00e4re verst\u00e4rkt bzw. so weit in den Vordergrund gebracht werden dass eine Auseinandersetzung mit ihnen zustande kommt. &nbsp;<strong>Sonnenfinsternisse sind so gesehen im Prinzip Aufarbeitungen des M\u00fclls der durch die Menschen und zwar die Lebenden und die Toten (also die nicht aus der Erdsph\u00e4re abgel\u00f6sten Wesen) nicht nur auf der Erde sondern auch auf dem Mond angesammelt sind. <\/strong>Der Mond sp\u00fclt quasi alles Ungel\u00f6ste zur\u00fcck auf die Erde und wirkt sich insbesondere dort aus wo der Kernschatten der Finsternis hinf\u00e4llt.<\/p>\n\n\n\n<p class=\"wp-block-paragraph\">Die letzte gro\u00dfe Sonnenfinsternis \u00fcber Mitteleuropa hatte folgende besonders herausragende Eigenschaften:<\/p>\n\n\n\n<ul class=\"wp-block-list\"><li>es handelte sich um einen sogenannten <a rel=\"noopener noreferrer\" href=\"https:\/\/de.wikipedia.org\/wiki\/Supermond\" target=\"_blank\">Supermond<\/a>&#8211; das hei\u00dft der Neumond der Eklipse fand am erdn\u00e4chsten Punkt der Mondbahn statt. Je n\u00e4her der Mond der Erde steht um so st\u00e4rker seine direkten Auswirkungen.<\/li><li>sie fand bei 29\u00b027`&nbsp;Fische also fast exakt &nbsp;auf dem Beginn des Tierkreises (Fr\u00fchlingspunkt) statt. Das allein macht schon ihre \u00dcbergeordnete Bedeutung klar: sie steht demnach f\u00fcr das Thema eines fundamentalen Neubeginns.<\/li><li>sie fand in exaktem und extremem Spannungsverh\u00e4ltnis zu den astrogeographischen Positionen der Hauptst\u00e4dte der Gr\u00fcndungsmitglieder der EU durch die R\u00f6mischen Vertr\u00e4ge statt:<strong> Rom liegt bei 29\u00b0Zwillinge, Berlin bei 29\u00b0Jungfrau, Paris bei 28\u00b0Sch\u00fctze und Amsterdam bei 29\u00b0Fische<\/strong>. Diese EU Hauptst\u00e4dte bilden ein Spannungsfeld von Gegens\u00e4tzen die in einem Gro\u00dfen astrologischen Kreuz zueinander stehen. Das bedeutet das die Sonnenfinsternis von besonders gro\u00dfer Bedeutung f\u00fcr die EU und Gesamteuropa war. Es war wohl einfach an der Zeit das gewohnheitsm\u00e4\u00dfig einge\u00fcbte  Muster und Wahrnehmungs- und Interpretationsstrukturen in Frage gestellt und abgel\u00f6st wurden.  Vergleiche hierzu:&nbsp;<a rel=\"noreferrer noopener\" href=\"https:\/\/astrologicalworldmap.com\/2013\/03\/20\/the-horoscope-of-the-european-union-and-its-parliament-in-brussels\/\" target=\"_blank\">The Astrogeographical position of the EU Parliament in Brussels.<\/a> <\/li><li>Insbesondere wurde die EU gezwungen einen Milliardenschweren Deal (von 3 Milliarden \u20ac ist auszugehen) mit der T\u00fcrkei einzugehen, um die t\u00fcrkische Regierung dazu zu bringen, die H\u00e4fen und Grenzen f\u00fcr die Fl\u00fcchtlingsstr\u00f6me nach Europa zu schlie\u00dfen.  Dieser <a rel=\"noreferrer noopener\" aria-label=\"Deal wurde am 18. M\u00e4rz 2016 (opens in a new tab)\" href=\"https:\/\/de.wikipedia.org\/wiki\/EU-T%C3%BCrkei-Abkommen_vom_18._M%C3%A4rz_2016\" target=\"_blank\">Deal wurde am 18. M\u00e4rz 2016<\/a> als quasi zum Jahrestag der Gro\u00dfen Europ\u00e4ischen Sonnenfinsternis von 2015 unterzeichnet. Die Auswirkungen  <\/li><\/ul>\n\n\n\n<figure class=\"wp-block-image\"><img decoding=\"async\" width=\"800\" height=\"434\" src=\"https:\/\/astrologicalworldmap.com\/wp-content\/uploads\/2019\/06\/800px-Migrationsrouten_und_Asylerstantr\u00e4ge.png\" alt=\"\" class=\"wp-image-25898\" srcset=\"https:\/\/astrologicalworldmap.com\/wp-content\/uploads\/2019\/06\/800px-Migrationsrouten_und_Asylerstantr\u00e4ge.png 800w, https:\/\/astrologicalworldmap.com\/wp-content\/uploads\/2019\/06\/800px-Migrationsrouten_und_Asylerstantr\u00e4ge-300x163.png 300w, https:\/\/astrologicalworldmap.com\/wp-content\/uploads\/2019\/06\/800px-Migrationsrouten_und_Asylerstantr\u00e4ge-768x417.png 768w\" sizes=\"(max-width: 800px) 100vw, 800px\" \/><figcaption> <strong>Umfang der Migrationsstr\u00f6me \u00fcber das Mittelmeer in die EU im Verh\u00e4ltnis zu der Zahl der Asylerstantr\u00e4ge in Europa. Der R\u00fcckgang auf der \u00f6stlichen Mittelmeerroute ging mit den st\u00e4rkeren Kontrollen auf der&nbsp;<\/strong><a href=\"https:\/\/de.wikipedia.org\/wiki\/Balkanroute\"><strong>Balkanroute<\/strong><\/a><strong>&nbsp;und dem EU-T\u00fcrkei-Abkommen im Fr\u00fchjahr 2016 einher.    <\/strong> <a href=\"https:\/\/commons.wikimedia.org\/wiki\/File:Migrationsrouten_und_Asylerstantr%C3%A4ge.png\" target=\"_blank\" rel=\"noreferrer noopener\" aria-label=\"Grafik: Pass3456, ccbysa4.0 (opens in a new tab)\">Grafik: Pass3456, ccbysa4.0<\/a><\/figcaption><\/figure>\n\n\n\n<h2 class=\"wp-block-heading\"><strong>Welche Auswirkungen hatte die Sonnenfinsternis von 2015 f\u00fcr die EU?<\/strong><\/h2>\n\n\n\n<p class=\"wp-block-paragraph\">Die Totale Sonnenfinsternis vom Maerz 2015 war vielleicht nicht die Ursache aber vielleicht auch mehr als eine Resonanz und Begleiterscheinung oder ein blo\u00dfes Zeichen der Entwicklungen die sich zwischen 2014 und 2016 f\u00fcr Europa ergeben haben. In der Folge der letzten gro\u00dfen Sonnenfinsternis in Mitteleuropa kam es n\u00e4mlich\u00a0zu folgenden katastrophalen Auswirkungen f\u00fcr Europa und besonders die EU:<\/p>\n\n\n\n<p class=\"wp-block-paragraph\">I &nbsp;die aus Ankara gesteuerten Fl\u00fcchtlingsschwemme nach Griechenland und die durch die Destabilisierung Afrikas durch den islamischen Faschismus und Arabischen Fr\u00fchling bewirkte Fl\u00fcchtlingsschwemme nach Italien aus &nbsp;Libyen und Tunesien erreichten 2015 und 2016 ihren H\u00f6hepunkt. Die Sonnenfinsternis zeigt also zwar den H\u00f6hepunkt der Ereignisses an, ist aber deswegen keineswegs als Ausl\u00f6ser anzusehen. \u00c4hnlich wie bei der aktuellen Dunkelheit \u00fcber Washington. Donald Trump und die neofaschistische Bewegung in den USA sind zwar der H\u00f6hepunkt der Verfinsterung aber nicht ihr Ausl\u00f6ser.<\/p>\n\n\n\n<p class=\"wp-block-paragraph\">II &nbsp;der von der Russischen Kriegsgpropaganda und den neofaschistischen Medien in den USA gesteuerten Propagandalawine in den sozialen Medien mit der Wirkung das \u00fcberall in Europa rechtsgerichtete Parteien enormen Zuwachs bekamen.<\/p>\n\n\n\n<p class=\"wp-block-paragraph\">III &nbsp;die von ISIS und deren Verb\u00fcndeten (Saudi-Arabien, Golfstaaten, USA) gesteuerten Terrorangriffe auf Frankreich, Deutschland, Belgien, Gro\u00dfbritannien und viele viele L\u00e4nder weltweit.<\/p>\n\n\n\n<p class=\"wp-block-paragraph\">IV &nbsp;das von einer in Gro\u00dfbritannien beispiellosen rechtsgerichteten Propaganda begleitete Brexit Referendum<\/p>\n\n\n\n<p class=\"wp-block-paragraph\">V &nbsp;einer Ersch\u00fctterung der EU bis in ihre Grundfesten<\/p>\n\n\n\n<figure class=\"wp-block-image alignnone\"><a href=\"https:\/\/astrologicalworldmap.com\/wp-content\/uploads\/2017\/08\/Sonnenfinsternis-20.-M\u00e4rz-2015.jpg\"><img decoding=\"async\" width=\"1572\" height=\"924\" src=\"https:\/\/astrologicalworldmap.com\/wp-content\/uploads\/2017\/08\/Sonnenfinsternis-20.-M\u00e4rz-2015.jpg\" alt=\"\" class=\"wp-image-16750\" srcset=\"https:\/\/astrologicalworldmap.com\/wp-content\/uploads\/2017\/08\/Sonnenfinsternis-20.-M\u00e4rz-2015.jpg 1572w, https:\/\/astrologicalworldmap.com\/wp-content\/uploads\/2017\/08\/Sonnenfinsternis-20.-M\u00e4rz-2015-300x176.jpg 300w, https:\/\/astrologicalworldmap.com\/wp-content\/uploads\/2017\/08\/Sonnenfinsternis-20.-M\u00e4rz-2015-768x451.jpg 768w, https:\/\/astrologicalworldmap.com\/wp-content\/uploads\/2017\/08\/Sonnenfinsternis-20.-M\u00e4rz-2015-1024x602.jpg 1024w\" sizes=\"(max-width: 1572px) 100vw, 1572px\" \/><\/a><figcaption><strong>Horoskop f\u00fcr die totale equinoktiale Sonnenfinsternis durch einen Supermond vom 20. M\u00e4rz 2015, 10:31 in Berlin<\/strong><\/figcaption><\/figure>\n\n\n\n<p class=\"wp-block-paragraph\">Die Sonne-Mond Neumondkonjunktion fand in Deutschland mit einem Krebsaszendenten statt von 8\u00b0Krebs statt. Die Merkur-Neptun Konjunktion in Haus 10 zeigt das Thema der Fl\u00fcchtlingskrise. Hinzu kam die Mars-Uranus Konjunktion zwischen 15\u00b0und 21\u00b0Widder die als direkte Indikation f\u00fcr die kurz bevorstehende erstmalige Uranuswiederkehr auf den Grad von Hitler`s Machtergreifung &nbsp;(31. Januar 1933) sichtbar ist. Widder gilt seit der Antike als das astrologische Resonanzzeichen Deutschland`s. Die Mars &#8211; Uranus Konjunktion (Thema der Entwicklungsspr\u00fcnge) im Widder zeigt demnach gerade f\u00fcr Deutschland eine Mutation der eignen inneren und auch \u00e4u\u00dferen Stellung an. &nbsp;Im Horoskop der Gr\u00fcndung der BRD stand der Mond (Thema der Heimat) bei 13\u00b0Widder bei der DDR bei ca. 17\u00b0 Widder. <a href=\"https:\/\/de.wikipedia.org\/wiki\/Annemarie_Reffert\" target=\"_blank\" rel=\"noopener noreferrer\">Annemarie Reffert<\/a>&nbsp;geboren am 5. April&nbsp;1943&nbsp;in&nbsp;Eckartsberga die erste Person die bei den Ereignissen der deutschen Wiedervereinigung die Grenze passierte wurde &nbsp; mit der Sonne bei 15\u00b0Widder also im Zentrum des Deutschlandzeichens und auch dem Mond im Widder geboren.<\/p>\n\n\n\n<p class=\"wp-block-paragraph\">Zum exakten Zeitpunkt der Uranuswiederkehr von Hitler`s Amtseinf\u00fchrung wurde qm 21.1.2017 Donald Trump (im Unterschied zu Hitler sogar mit deutschen Vorfahren) zum US-Pr\u00e4sidenten ernannt. Vergleiche hierzu:&nbsp;<a href=\"https:\/\/astrologicalworldmap.com\/2017\/01\/19\/uranus-im-widder\/\" target=\"_blank\" rel=\"noopener noreferrer\">Stationen des Uranuszyklus \u2013 der Beginn einer neuen 84 Jahre Phase seit&nbsp;Mai 2010<\/a>.<\/p>\n\n\n\n<p class=\"wp-block-paragraph\">Venus bei 3\u00b0Stier und in Haus 11 deutete \u00fcbrigens darauf hin das die Sonnenfinsternis in Europa eine Phase des grundlegenden Wirtschaftswachstums begleitete.<\/p>\n\n\n\n<h2 class=\"wp-block-heading\">Das Horoskop der Grenz\u00f6ffnung f\u00fcr Fl\u00fcchtlinge vom 5. September 2015<\/h2>\n\n\n\n<p class=\"wp-block-paragraph\">In der Nacht vom 4. auf den 5. September 2015 wurde von der deutschen und \u00f6sterreichischen Regierung die Grenz\u00f6ffnung f\u00fcr die seit Monaten in Griechenland und Balkanl\u00e4ndern sich sammelnden Fl\u00fcchtlingsstr\u00f6me entschieden.<\/p>\n\n\n\n<p class=\"wp-block-paragraph\"><strong>Das Horoskop f\u00fcr den H\u00f6hepunkt der Fl\u00fcchtlingswelle nach Europa zeigt so gro\u00dfe \u00c4hnlichkeit mit dem Horoskop der Sonnenfinsternis das die Resonanz mit der Sonnenfinsternis die 5 1\/2 Monate vorher stattfand sehr gut einzuordnen ist.<\/strong><\/p>\n\n\n\n<figure class=\"wp-block-image alignnone\"><a href=\"https:\/\/astrologicalworldmap.com\/wp-content\/uploads\/2017\/08\/Fl\u00fcchtlingskrise-\u00d6ffnung-der-dt-und-\u00f6ster-Grenzen-f\u00fcr-Fl\u00fcchtlinge.jpg\"><img decoding=\"async\" width=\"1574\" height=\"907\" src=\"https:\/\/astrologicalworldmap.com\/wp-content\/uploads\/2017\/08\/Fl\u00fcchtlingskrise-\u00d6ffnung-der-dt-und-\u00f6ster-Grenzen-f\u00fcr-Fl\u00fcchtlinge.jpg\" alt=\"\" class=\"wp-image-16749\" srcset=\"https:\/\/astrologicalworldmap.com\/wp-content\/uploads\/2017\/08\/Fl\u00fcchtlingskrise-\u00d6ffnung-der-dt-und-\u00f6ster-Grenzen-f\u00fcr-Fl\u00fcchtlinge.jpg 1574w, https:\/\/astrologicalworldmap.com\/wp-content\/uploads\/2017\/08\/Fl\u00fcchtlingskrise-\u00d6ffnung-der-dt-und-\u00f6ster-Grenzen-f\u00fcr-Fl\u00fcchtlinge-300x173.jpg 300w, https:\/\/astrologicalworldmap.com\/wp-content\/uploads\/2017\/08\/Fl\u00fcchtlingskrise-\u00d6ffnung-der-dt-und-\u00f6ster-Grenzen-f\u00fcr-Fl\u00fcchtlinge-768x443.jpg 768w, https:\/\/astrologicalworldmap.com\/wp-content\/uploads\/2017\/08\/Fl\u00fcchtlingskrise-\u00d6ffnung-der-dt-und-\u00f6ster-Grenzen-f\u00fcr-Fl\u00fcchtlinge-1024x590.jpg 1024w\" sizes=\"(max-width: 1574px) 100vw, 1574px\" \/><\/a><figcaption><strong>Horoskop f\u00fcr die Bekanntgabe der Grenz\u00f6ffnung der deutschen und \u00f6sterreichischen Grenzen durch die dpa berechnet f\u00fcr den 5 September 2015 um 0:42 in Berlin<\/strong> Quelle: <a href=\"http:\/\/www.n-tv.de\/politik\/Sonderzuege-bringen-Fluechtlinge-nach-Osterreich-article15870621.html\" target=\"_blank\" rel=\"noopener noreferrer\">Spiegel Artikel<\/a><\/figcaption><\/figure>\n\n\n\n<p class=\"wp-block-paragraph\">Der Aszendent bei 10\u00b0Krebs lag exakt auf der astrogeogphischen L\u00e4ngenkoordinate von Berlin (10\u00b0Krebs- 29\u00b0Jungfrau) und damit exakt auf dem Grad der Jupiterposition bei der \u00d6ffnung der Berliner Mauer vom 9. November 1989 als Jupiter genau \u00fcber Berlin und in Opposition zur damaligen Saturn-Neptun Konjunktion stand.<\/p>\n\n\n\n<p class=\"wp-block-paragraph\">Jupiter (Guru) stand in der Jungfrau dem Zeichen des Selbstschutzes am IC, ein Aspekt der anzeigt das f\u00fcr Berlin die Entscheidung auf dem Kalk\u00fcl des Selbstschutzes, der langfristigen Strategien und der optimalen Nutzung von Ressourcen beruhte. Das hei\u00dft es handelte sich um eine auf langfristigen Nutzen angelegte Investition. &nbsp;Jupiter`s Opposition zu Neptun am MC dem Indikator f\u00fcr den Rechtlosigkeitsstatus der Fl\u00fcchtlinge unterst\u00fctzt diese Interpretation.<\/p>\n\n\n\n<figure class=\"wp-block-image alignnone\"><a href=\"https:\/\/astrologicalworldmap.com\/wp-content\/uploads\/2017\/08\/Berliner-Mauer.jpg\"><img decoding=\"async\" width=\"1024\" height=\"592\" src=\"https:\/\/astrologicalworldmap.com\/wp-content\/uploads\/2017\/08\/Berliner-Mauer-1024x592.jpg\" alt=\"\" class=\"wp-image-16752\" srcset=\"https:\/\/astrologicalworldmap.com\/wp-content\/uploads\/2017\/08\/Berliner-Mauer-1024x592.jpg 1024w, https:\/\/astrologicalworldmap.com\/wp-content\/uploads\/2017\/08\/Berliner-Mauer-300x174.jpg 300w, https:\/\/astrologicalworldmap.com\/wp-content\/uploads\/2017\/08\/Berliner-Mauer-768x444.jpg 768w, https:\/\/astrologicalworldmap.com\/wp-content\/uploads\/2017\/08\/Berliner-Mauer.jpg 1571w\" sizes=\"(max-width: 1024px) 100vw, 1024px\" \/><\/a><figcaption><strong>Horoskop f\u00fcr die \u00d6ffnung der Berliner Mauer am Grenz\u00fcbergang Bornholmer Strasse: &#8222;Wir fluten Jetzt&#8220; am 9. November1989 um 21:20<\/strong><\/figcaption><\/figure>\n\n\n\n<p class=\"wp-block-paragraph\">Tats\u00e4chlich hat sich f\u00fcr die Regierung Merkel und sowohl CDU als auch CSU der Rechtsruck den man in Deutschland durch die Entscheidung bewirken konnte als Steilvorlage f\u00fcr den Wahlsieg 2017 erwiesen. Und es gelang Merkel damit die linke Mehrheit im Bundestag zu brechen und von Fehlentwicklungen, sozialer Ungerechtigkeit &nbsp;und Reformstau in Deutschland abzulenken. Dieser Coup erinnert sehr direkt an die Methoden Helmut Kohls der einen Rechtsruck in Deutschland durch die Mauer\u00f6ffnung 1989 und die Folgen der Perestroika und die darauf folgenden Fl\u00fcchtlingswellen bis ca 1996 mit derselben Methode f\u00fcr sich , seine Partei und deren Lobbyisten nutzen konnte.<\/p>\n","protected":false},"excerpt":{"rendered":"<p>Die Totale Sonnenfinsternis vom Maerz 2015 und ihre Auswirkungen f\u00fcr Deutschland und Europa. Politische Astrologie und Astrogeographie. Verwandte Artikel: Zwischen den Welten \u2013 die Gro\u00dfe Amerikanische Sonnenfinsternis am 21. August 2017, The \u201cGreat American Solar eclipse\u201d, The Astrogeographical position of Berlin and Future Transits, Das Brexit Referendum aus astrologischer und astrogeographischer Sicht,&nbsp;&nbsp;The astrogeographic position of [&hellip;]<\/p>\n","protected":false},"author":1024,"featured_media":25894,"comment_status":"closed","ping_status":"closed","sticky":false,"template":"","format":"standard","meta":{"ocean_front_end_style_editor":"no","ocean_post_layout":"","ocean_both_sidebars_style":"","ocean_both_sidebars_content_width":0,"ocean_both_sidebars_sidebars_width":0,"ocean_sidebar":"","ocean_second_sidebar":"","ocean_disable_margins":"enable","ocean_add_body_class":"","ocean_shortcode_before_top_bar":"","ocean_shortcode_after_top_bar":"","ocean_shortcode_before_header":"","ocean_shortcode_after_header":"","ocean_has_shortcode":"","ocean_shortcode_after_title":"","ocean_shortcode_before_footer_widgets":"","ocean_shortcode_after_footer_widgets":"","ocean_shortcode_before_footer_bottom":"","ocean_shortcode_after_footer_bottom":"","ocean_display_top_bar":"default","ocean_display_header":"default","ocean_header_style":"","ocean_center_header_left_menu":"","ocean_custom_header_template":"","ocean_custom_logo":0,"ocean_custom_retina_logo":0,"ocean_custom_logo_max_width":0,"ocean_custom_logo_tablet_max_width":0,"ocean_custom_logo_mobile_max_width":0,"ocean_custom_logo_max_height":0,"ocean_custom_logo_tablet_max_height":0,"ocean_custom_logo_mobile_max_height":0,"ocean_header_custom_menu":"","ocean_menu_typo_font_family":"","ocean_menu_typo_font_subset":"","ocean_menu_typo_font_size":0,"ocean_menu_typo_font_size_tablet":0,"ocean_menu_typo_font_size_mobile":0,"ocean_menu_typo_font_size_unit":"px","ocean_menu_typo_font_weight":"","ocean_menu_typo_font_weight_tablet":"","ocean_menu_typo_font_weight_mobile":"","ocean_menu_typo_transform":"","ocean_menu_typo_transform_tablet":"","ocean_menu_typo_transform_mobile":"","ocean_menu_typo_line_height":0,"ocean_menu_typo_line_height_tablet":0,"ocean_menu_typo_line_height_mobile":0,"ocean_menu_typo_line_height_unit":"","ocean_menu_typo_spacing":0,"ocean_menu_typo_spacing_tablet":0,"ocean_menu_typo_spacing_mobile":0,"ocean_menu_typo_spacing_unit":"","ocean_menu_link_color":"","ocean_menu_link_color_hover":"","ocean_menu_link_color_active":"","ocean_menu_link_background":"","ocean_menu_link_hover_background":"","ocean_menu_link_active_background":"","ocean_menu_social_links_bg":"","ocean_menu_social_hover_links_bg":"","ocean_menu_social_links_color":"","ocean_menu_social_hover_links_color":"","ocean_disable_title":"default","ocean_disable_heading":"default","ocean_post_title":"","ocean_post_subheading":"","ocean_post_title_style":"","ocean_post_title_background_color":"","ocean_post_title_background":0,"ocean_post_title_bg_image_position":"","ocean_post_title_bg_image_attachment":"","ocean_post_title_bg_image_repeat":"","ocean_post_title_bg_image_size":"","ocean_post_title_height":0,"ocean_post_title_bg_overlay":0.5,"ocean_post_title_bg_overlay_color":"","ocean_disable_breadcrumbs":"default","ocean_breadcrumbs_color":"","ocean_breadcrumbs_separator_color":"","ocean_breadcrumbs_links_color":"","ocean_breadcrumbs_links_hover_color":"","ocean_display_footer_widgets":"default","ocean_display_footer_bottom":"default","ocean_custom_footer_template":"","ocean_post_oembed":"","ocean_post_self_hosted_media":"","ocean_post_video_embed":"","ocean_link_format":"","ocean_link_format_target":"self","ocean_quote_format":"","ocean_quote_format_link":"post","ocean_gallery_link_images":"on","ocean_gallery_id":[],"footnotes":""},"categories":[130,195,294,114,117,119,143,278,289,165],"tags":[167,168,170,235],"class_list":["post-16744","post","type-post","status-publish","format-standard","has-post-thumbnail","hentry","category-astrogeographie","category-astrologie","category-deutsch","category-geschichte","category-orte-und-ereignisse","category-politik","category-stadte","category-terrorismus","category-transite","category-unkategorisiert","tag-astrogeographische-weltkarte-de","tag-astrogeography-de","tag-astrologie-de","tag-astrologie-geschichte","entry","has-media"],"yoast_head":"<!-- This site is optimized with the Yoast SEO plugin v28.4 - https:\/\/yoast.com\/product\/yoast-seo-wordpress\/ -->\n<title>Die Totale Sonnenfinsternis vom Maerz 2015 Astrologie Blog<\/title>\n<meta name=\"description\" content=\"Die Totale Sonnenfinsternis vom Maerz 2015 und ihre Auswirkungen f\u00fcr Deutschland und Europa. Politische Astrologie und Astrogeographie.\" \/>\n<meta name=\"robots\" content=\"index, follow, max-snippet:-1, max-image-preview:large, max-video-preview:-1\" \/>\n<link rel=\"canonical\" href=\"https:\/\/astrologicalworldmap.com\/de\/2017\/08\/15\/die-totale-sonnenfinsternis-vom-maerz-2015\/\" \/>\n<meta property=\"og:locale\" content=\"de_DE\" \/>\n<meta property=\"og:type\" content=\"article\" \/>\n<meta property=\"og:title\" content=\"Die Totale Sonnenfinsternis vom Maerz 2015 Astrologie Blog\" \/>\n<meta property=\"og:description\" content=\"Die Totale Sonnenfinsternis vom Maerz 2015 und ihre Auswirkungen f\u00fcr Deutschland und Europa. Politische Astrologie und Astrogeographie.\" \/>\n<meta property=\"og:url\" content=\"https:\/\/astrologicalworldmap.com\/de\/2017\/08\/15\/die-totale-sonnenfinsternis-vom-maerz-2015\/\" \/>\n<meta property=\"og:site_name\" content=\"Astrogeography Blog\" \/>\n<meta property=\"article:publisher\" content=\"https:\/\/www.facebook.com\/astrologicalworldmap\" \/>\n<meta property=\"article:author\" content=\"https:\/\/www.facebook.com\/astrologicalworldmap\" \/>\n<meta property=\"article:published_time\" content=\"2017-08-15T11:26:46+00:00\" \/>\n<meta property=\"article:modified_time\" content=\"2026-08-04T14:01:42+00:00\" \/>\n<meta property=\"og:image\" content=\"https:\/\/astrologicalworldmap.com\/wp-content\/uploads\/2017\/08\/Sofi-M\u00e4rz-2015-1.gif\" \/>\n\t<meta property=\"og:image:width\" content=\"250\" \/>\n\t<meta property=\"og:image:height\" content=\"270\" \/>\n\t<meta property=\"og:image:type\" content=\"image\/gif\" \/>\n<meta name=\"author\" content=\"Georg Stockhorst\" \/>\n<meta name=\"twitter:card\" content=\"summary_large_image\" \/>\n<meta name=\"twitter:creator\" content=\"@astrogeography\" \/>\n<meta name=\"twitter:site\" content=\"@astrogeography\" \/>\n<meta name=\"twitter:label1\" content=\"Verfasst von\" \/>\n\t<meta name=\"twitter:data1\" content=\"Georg Stockhorst\" \/>\n\t<meta name=\"twitter:label2\" content=\"Gesch\u00e4tzte Lesezeit\" \/>\n\t<meta name=\"twitter:data2\" content=\"8\u00a0Minuten\" \/>\n<script type=\"application\/ld+json\" class=\"yoast-schema-graph\">{\"@context\":\"https:\\\/\\\/schema.org\",\"@graph\":[{\"@type\":\"Article\",\"@id\":\"https:\\\/\\\/astrologicalworldmap.com\\\/de\\\/2017\\\/08\\\/15\\\/die-totale-sonnenfinsternis-vom-maerz-2015\\\/#article\",\"isPartOf\":{\"@id\":\"https:\\\/\\\/astrologicalworldmap.com\\\/de\\\/2017\\\/08\\\/15\\\/die-totale-sonnenfinsternis-vom-maerz-2015\\\/\"},\"author\":{\"name\":\"Georg Stockhorst\",\"@id\":\"https:\\\/\\\/astrologicalworldmap.com\\\/de\\\/#\\\/schema\\\/person\\\/671a4f6a233cabc52145cffdb42ea19a\"},\"headline\":\"Die Totale Sonnenfinsternis vom Maerz 2015\",\"datePublished\":\"2017-08-15T11:26:46+00:00\",\"dateModified\":\"2026-08-04T14:01:42+00:00\",\"mainEntityOfPage\":{\"@id\":\"https:\\\/\\\/astrologicalworldmap.com\\\/de\\\/2017\\\/08\\\/15\\\/die-totale-sonnenfinsternis-vom-maerz-2015\\\/\"},\"wordCount\":1532,\"publisher\":{\"@id\":\"https:\\\/\\\/astrologicalworldmap.com\\\/de\\\/#\\\/schema\\\/person\\\/671a4f6a233cabc52145cffdb42ea19a\"},\"image\":{\"@id\":\"https:\\\/\\\/astrologicalworldmap.com\\\/de\\\/2017\\\/08\\\/15\\\/die-totale-sonnenfinsternis-vom-maerz-2015\\\/#primaryimage\"},\"thumbnailUrl\":\"https:\\\/\\\/astrologicalworldmap.com\\\/wp-content\\\/uploads\\\/2017\\\/08\\\/Sofi-M\u00e4rz-2015-1.gif\",\"keywords\":[\"Astrogeographische Weltkarte @de\",\"Astrogeography @de\",\"Astrologie @de\",\"Astrologie &amp; Geschichte\"],\"articleSection\":[\"Astrogeographie\",\"Astrologie\",\"Deutsch\",\"Geschichte\",\"Orte und Ereignisse\",\"Politik\",\"St\u00e4dte\",\"Terrorismus\",\"Transite\",\"Unkategorisiert\"],\"inLanguage\":\"de\"},{\"@type\":\"WebPage\",\"@id\":\"https:\\\/\\\/astrologicalworldmap.com\\\/de\\\/2017\\\/08\\\/15\\\/die-totale-sonnenfinsternis-vom-maerz-2015\\\/\",\"url\":\"https:\\\/\\\/astrologicalworldmap.com\\\/de\\\/2017\\\/08\\\/15\\\/die-totale-sonnenfinsternis-vom-maerz-2015\\\/\",\"name\":\"Die Totale Sonnenfinsternis vom Maerz 2015 Astrologie Blog\",\"isPartOf\":{\"@id\":\"https:\\\/\\\/astrologicalworldmap.com\\\/de\\\/#website\"},\"primaryImageOfPage\":{\"@id\":\"https:\\\/\\\/astrologicalworldmap.com\\\/de\\\/2017\\\/08\\\/15\\\/die-totale-sonnenfinsternis-vom-maerz-2015\\\/#primaryimage\"},\"image\":{\"@id\":\"https:\\\/\\\/astrologicalworldmap.com\\\/de\\\/2017\\\/08\\\/15\\\/die-totale-sonnenfinsternis-vom-maerz-2015\\\/#primaryimage\"},\"thumbnailUrl\":\"https:\\\/\\\/astrologicalworldmap.com\\\/wp-content\\\/uploads\\\/2017\\\/08\\\/Sofi-M\u00e4rz-2015-1.gif\",\"datePublished\":\"2017-08-15T11:26:46+00:00\",\"dateModified\":\"2026-08-04T14:01:42+00:00\",\"description\":\"Die Totale Sonnenfinsternis vom Maerz 2015 und ihre Auswirkungen f\u00fcr Deutschland und Europa. Politische Astrologie und Astrogeographie.\",\"breadcrumb\":{\"@id\":\"https:\\\/\\\/astrologicalworldmap.com\\\/de\\\/2017\\\/08\\\/15\\\/die-totale-sonnenfinsternis-vom-maerz-2015\\\/#breadcrumb\"},\"inLanguage\":\"de\",\"potentialAction\":[{\"@type\":\"ReadAction\",\"target\":[\"https:\\\/\\\/astrologicalworldmap.com\\\/de\\\/2017\\\/08\\\/15\\\/die-totale-sonnenfinsternis-vom-maerz-2015\\\/\"]}]},{\"@type\":\"ImageObject\",\"inLanguage\":\"de\",\"@id\":\"https:\\\/\\\/astrologicalworldmap.com\\\/de\\\/2017\\\/08\\\/15\\\/die-totale-sonnenfinsternis-vom-maerz-2015\\\/#primaryimage\",\"url\":\"https:\\\/\\\/astrologicalworldmap.com\\\/wp-content\\\/uploads\\\/2017\\\/08\\\/Sofi-M\u00e4rz-2015-1.gif\",\"contentUrl\":\"https:\\\/\\\/astrologicalworldmap.com\\\/wp-content\\\/uploads\\\/2017\\\/08\\\/Sofi-M\u00e4rz-2015-1.gif\",\"width\":250,\"height\":270,\"caption\":\"Animation des Schattenpfads der Sonnenfinsternis am 20. M\u00e4rz 2015\"},{\"@type\":\"BreadcrumbList\",\"@id\":\"https:\\\/\\\/astrologicalworldmap.com\\\/de\\\/2017\\\/08\\\/15\\\/die-totale-sonnenfinsternis-vom-maerz-2015\\\/#breadcrumb\",\"itemListElement\":[{\"@type\":\"ListItem\",\"position\":1,\"name\":\"Home\",\"item\":\"https:\\\/\\\/astrologicalworldmap.com\\\/de\\\/\"},{\"@type\":\"ListItem\",\"position\":2,\"name\":\"Astrologie\",\"item\":\"https:\\\/\\\/astrologicalworldmap.com\\\/de\\\/category\\\/astrologie\\\/\"},{\"@type\":\"ListItem\",\"position\":3,\"name\":\"Die Totale Sonnenfinsternis vom Maerz 2015\"}]},{\"@type\":\"WebSite\",\"@id\":\"https:\\\/\\\/astrologicalworldmap.com\\\/de\\\/#website\",\"url\":\"https:\\\/\\\/astrologicalworldmap.com\\\/de\\\/\",\"name\":\"Astrogeography Blog\",\"description\":\"Locational &amp; Mundane Astrology by Georg Stockhorst\",\"publisher\":{\"@id\":\"https:\\\/\\\/astrologicalworldmap.com\\\/de\\\/#\\\/schema\\\/person\\\/671a4f6a233cabc52145cffdb42ea19a\"},\"alternateName\":\"Astrology & Horoscopes Blog\",\"potentialAction\":[{\"@type\":\"SearchAction\",\"target\":{\"@type\":\"EntryPoint\",\"urlTemplate\":\"https:\\\/\\\/astrologicalworldmap.com\\\/de\\\/?s={search_term_string}\"},\"query-input\":{\"@type\":\"PropertyValueSpecification\",\"valueRequired\":true,\"valueName\":\"search_term_string\"}}],\"inLanguage\":\"de\"},{\"@type\":[\"Person\",\"Organization\"],\"@id\":\"https:\\\/\\\/astrologicalworldmap.com\\\/de\\\/#\\\/schema\\\/person\\\/671a4f6a233cabc52145cffdb42ea19a\",\"name\":\"Georg Stockhorst\",\"image\":{\"@type\":\"ImageObject\",\"inLanguage\":\"de\",\"@id\":\"https:\\\/\\\/astrologicalworldmap.com\\\/wp-content\\\/uploads\\\/2018\\\/05\\\/Flyermodus.jpg\",\"url\":\"https:\\\/\\\/astrologicalworldmap.com\\\/wp-content\\\/uploads\\\/2018\\\/05\\\/Flyermodus.jpg\",\"contentUrl\":\"https:\\\/\\\/astrologicalworldmap.com\\\/wp-content\\\/uploads\\\/2018\\\/05\\\/Flyermodus.jpg\",\"width\":455,\"height\":341,\"caption\":\"Georg Stockhorst\"},\"logo\":{\"@id\":\"https:\\\/\\\/astrologicalworldmap.com\\\/wp-content\\\/uploads\\\/2018\\\/05\\\/Flyermodus.jpg\"},\"description\":\"Astrologer, inventor, developer, editor of the one and only \\\"Astrogeographical World Map System\\\" for mapping, exploration and interpretation of the zodiac sign qualities of the site of a single house, address piece of land. Discover the ultimate quality of serious i depth locational astrology\",\"sameAs\":[\"http:\\\/\\\/www.sundance-berlin.de\",\"https:\\\/\\\/www.facebook.com\\\/astrologicalworldmap\",\"astrologicalworldmap\",\"https:\\\/\\\/x.com\\\/astrogeography\"]}]}<\/script>\n<!-- \/ Yoast SEO plugin. -->","yoast_head_json":{"title":"Die Totale Sonnenfinsternis vom Maerz 2015 Astrologie Blog","description":"Die Totale Sonnenfinsternis vom Maerz 2015 und ihre Auswirkungen f\u00fcr Deutschland und Europa. Politische Astrologie und Astrogeographie.","robots":{"index":"index","follow":"follow","max-snippet":"max-snippet:-1","max-image-preview":"max-image-preview:large","max-video-preview":"max-video-preview:-1"},"canonical":"https:\/\/astrologicalworldmap.com\/de\/2017\/08\/15\/die-totale-sonnenfinsternis-vom-maerz-2015\/","og_locale":"de_DE","og_type":"article","og_title":"Die Totale Sonnenfinsternis vom Maerz 2015 Astrologie Blog","og_description":"Die Totale Sonnenfinsternis vom Maerz 2015 und ihre Auswirkungen f\u00fcr Deutschland und Europa. Politische Astrologie und Astrogeographie.","og_url":"https:\/\/astrologicalworldmap.com\/de\/2017\/08\/15\/die-totale-sonnenfinsternis-vom-maerz-2015\/","og_site_name":"Astrogeography Blog","article_publisher":"https:\/\/www.facebook.com\/astrologicalworldmap","article_author":"https:\/\/www.facebook.com\/astrologicalworldmap","article_published_time":"2017-08-15T11:26:46+00:00","article_modified_time":"2026-08-04T14:01:42+00:00","og_image":[{"width":250,"height":270,"url":"https:\/\/astrologicalworldmap.com\/wp-content\/uploads\/2017\/08\/Sofi-M\u00e4rz-2015-1.gif","type":"image\/gif"}],"author":"Georg Stockhorst","twitter_card":"summary_large_image","twitter_creator":"@astrogeography","twitter_site":"@astrogeography","twitter_misc":{"Verfasst von":"Georg Stockhorst","Gesch\u00e4tzte Lesezeit":"8\u00a0Minuten"},"schema":{"@context":"https:\/\/schema.org","@graph":[{"@type":"Article","@id":"https:\/\/astrologicalworldmap.com\/de\/2017\/08\/15\/die-totale-sonnenfinsternis-vom-maerz-2015\/#article","isPartOf":{"@id":"https:\/\/astrologicalworldmap.com\/de\/2017\/08\/15\/die-totale-sonnenfinsternis-vom-maerz-2015\/"},"author":{"name":"Georg Stockhorst","@id":"https:\/\/astrologicalworldmap.com\/de\/#\/schema\/person\/671a4f6a233cabc52145cffdb42ea19a"},"headline":"Die Totale Sonnenfinsternis vom Maerz 2015","datePublished":"2017-08-15T11:26:46+00:00","dateModified":"2026-08-04T14:01:42+00:00","mainEntityOfPage":{"@id":"https:\/\/astrologicalworldmap.com\/de\/2017\/08\/15\/die-totale-sonnenfinsternis-vom-maerz-2015\/"},"wordCount":1532,"publisher":{"@id":"https:\/\/astrologicalworldmap.com\/de\/#\/schema\/person\/671a4f6a233cabc52145cffdb42ea19a"},"image":{"@id":"https:\/\/astrologicalworldmap.com\/de\/2017\/08\/15\/die-totale-sonnenfinsternis-vom-maerz-2015\/#primaryimage"},"thumbnailUrl":"https:\/\/astrologicalworldmap.com\/wp-content\/uploads\/2017\/08\/Sofi-M\u00e4rz-2015-1.gif","keywords":["Astrogeographische Weltkarte @de","Astrogeography @de","Astrologie @de","Astrologie &amp; Geschichte"],"articleSection":["Astrogeographie","Astrologie","Deutsch","Geschichte","Orte und Ereignisse","Politik","St\u00e4dte","Terrorismus","Transite","Unkategorisiert"],"inLanguage":"de"},{"@type":"WebPage","@id":"https:\/\/astrologicalworldmap.com\/de\/2017\/08\/15\/die-totale-sonnenfinsternis-vom-maerz-2015\/","url":"https:\/\/astrologicalworldmap.com\/de\/2017\/08\/15\/die-totale-sonnenfinsternis-vom-maerz-2015\/","name":"Die Totale Sonnenfinsternis vom Maerz 2015 Astrologie Blog","isPartOf":{"@id":"https:\/\/astrologicalworldmap.com\/de\/#website"},"primaryImageOfPage":{"@id":"https:\/\/astrologicalworldmap.com\/de\/2017\/08\/15\/die-totale-sonnenfinsternis-vom-maerz-2015\/#primaryimage"},"image":{"@id":"https:\/\/astrologicalworldmap.com\/de\/2017\/08\/15\/die-totale-sonnenfinsternis-vom-maerz-2015\/#primaryimage"},"thumbnailUrl":"https:\/\/astrologicalworldmap.com\/wp-content\/uploads\/2017\/08\/Sofi-M\u00e4rz-2015-1.gif","datePublished":"2017-08-15T11:26:46+00:00","dateModified":"2026-08-04T14:01:42+00:00","description":"Die Totale Sonnenfinsternis vom Maerz 2015 und ihre Auswirkungen f\u00fcr Deutschland und Europa. Politische Astrologie und Astrogeographie.","breadcrumb":{"@id":"https:\/\/astrologicalworldmap.com\/de\/2017\/08\/15\/die-totale-sonnenfinsternis-vom-maerz-2015\/#breadcrumb"},"inLanguage":"de","potentialAction":[{"@type":"ReadAction","target":["https:\/\/astrologicalworldmap.com\/de\/2017\/08\/15\/die-totale-sonnenfinsternis-vom-maerz-2015\/"]}]},{"@type":"ImageObject","inLanguage":"de","@id":"https:\/\/astrologicalworldmap.com\/de\/2017\/08\/15\/die-totale-sonnenfinsternis-vom-maerz-2015\/#primaryimage","url":"https:\/\/astrologicalworldmap.com\/wp-content\/uploads\/2017\/08\/Sofi-M\u00e4rz-2015-1.gif","contentUrl":"https:\/\/astrologicalworldmap.com\/wp-content\/uploads\/2017\/08\/Sofi-M\u00e4rz-2015-1.gif","width":250,"height":270,"caption":"Animation des Schattenpfads der Sonnenfinsternis am 20. M\u00e4rz 2015"},{"@type":"BreadcrumbList","@id":"https:\/\/astrologicalworldmap.com\/de\/2017\/08\/15\/die-totale-sonnenfinsternis-vom-maerz-2015\/#breadcrumb","itemListElement":[{"@type":"ListItem","position":1,"name":"Home","item":"https:\/\/astrologicalworldmap.com\/de\/"},{"@type":"ListItem","position":2,"name":"Astrologie","item":"https:\/\/astrologicalworldmap.com\/de\/category\/astrologie\/"},{"@type":"ListItem","position":3,"name":"Die Totale Sonnenfinsternis vom Maerz 2015"}]},{"@type":"WebSite","@id":"https:\/\/astrologicalworldmap.com\/de\/#website","url":"https:\/\/astrologicalworldmap.com\/de\/","name":"Astrogeography Blog","description":"Locational &amp; Mundane Astrology by Georg Stockhorst","publisher":{"@id":"https:\/\/astrologicalworldmap.com\/de\/#\/schema\/person\/671a4f6a233cabc52145cffdb42ea19a"},"alternateName":"Astrology & Horoscopes Blog","potentialAction":[{"@type":"SearchAction","target":{"@type":"EntryPoint","urlTemplate":"https:\/\/astrologicalworldmap.com\/de\/?s={search_term_string}"},"query-input":{"@type":"PropertyValueSpecification","valueRequired":true,"valueName":"search_term_string"}}],"inLanguage":"de"},{"@type":["Person","Organization"],"@id":"https:\/\/astrologicalworldmap.com\/de\/#\/schema\/person\/671a4f6a233cabc52145cffdb42ea19a","name":"Georg Stockhorst","image":{"@type":"ImageObject","inLanguage":"de","@id":"https:\/\/astrologicalworldmap.com\/wp-content\/uploads\/2018\/05\/Flyermodus.jpg","url":"https:\/\/astrologicalworldmap.com\/wp-content\/uploads\/2018\/05\/Flyermodus.jpg","contentUrl":"https:\/\/astrologicalworldmap.com\/wp-content\/uploads\/2018\/05\/Flyermodus.jpg","width":455,"height":341,"caption":"Georg Stockhorst"},"logo":{"@id":"https:\/\/astrologicalworldmap.com\/wp-content\/uploads\/2018\/05\/Flyermodus.jpg"},"description":"Astrologer, inventor, developer, editor of the one and only \"Astrogeographical World Map System\" for mapping, exploration and interpretation of the zodiac sign qualities of the site of a single house, address piece of land. Discover the ultimate quality of serious i depth locational astrology","sameAs":["http:\/\/www.sundance-berlin.de","https:\/\/www.facebook.com\/astrologicalworldmap","astrologicalworldmap","https:\/\/x.com\/astrogeography"]}]}},"_links":{"self":[{"href":"https:\/\/astrologicalworldmap.com\/de\/wp-json\/wp\/v2\/posts\/16744","targetHints":{"allow":["GET"]}}],"collection":[{"href":"https:\/\/astrologicalworldmap.com\/de\/wp-json\/wp\/v2\/posts"}],"about":[{"href":"https:\/\/astrologicalworldmap.com\/de\/wp-json\/wp\/v2\/types\/post"}],"author":[{"embeddable":true,"href":"https:\/\/astrologicalworldmap.com\/de\/wp-json\/wp\/v2\/users\/1024"}],"replies":[{"embeddable":true,"href":"https:\/\/astrologicalworldmap.com\/de\/wp-json\/wp\/v2\/comments?post=16744"}],"version-history":[{"count":1,"href":"https:\/\/astrologicalworldmap.com\/de\/wp-json\/wp\/v2\/posts\/16744\/revisions"}],"predecessor-version":[{"id":57923,"href":"https:\/\/astrologicalworldmap.com\/de\/wp-json\/wp\/v2\/posts\/16744\/revisions\/57923"}],"wp:featuredmedia":[{"embeddable":true,"href":"https:\/\/astrologicalworldmap.com\/de\/wp-json\/wp\/v2\/media\/25894"}],"wp:attachment":[{"href":"https:\/\/astrologicalworldmap.com\/de\/wp-json\/wp\/v2\/media?parent=16744"}],"wp:term":[{"taxonomy":"category","embeddable":true,"href":"https:\/\/astrologicalworldmap.com\/de\/wp-json\/wp\/v2\/categories?post=16744"},{"taxonomy":"post_tag","embeddable":true,"href":"https:\/\/astrologicalworldmap.com\/de\/wp-json\/wp\/v2\/tags?post=16744"}],"curies":[{"name":"wp","href":"https:\/\/api.w.org\/{rel}","templated":true}]}}